{"id":11132,"date":"2025-09-18T17:00:00","date_gmt":"2025-09-18T22:00:00","guid":{"rendered":"https:\/\/lawrsb.com\/?p=11132"},"modified":"2025-09-18T16:35:21","modified_gmt":"2025-09-18T21:35:21","slug":"decision-preocupante-de-la-corte-suprema-sobre-las-redadas-migratorias","status":"publish","type":"post","link":"https:\/\/lawrsb.com\/en\/2025\/09\/18\/decision-preocupante-de-la-corte-suprema-sobre-las-redadas-migratorias\/","title":{"rendered":"Decisi\u00f3n preocupante de la Corte Suprema sobre las redadas migratorias"},"content":{"rendered":"<figure class=\"wp-block-image size-full wp-duotone-unset-1\"><img data-recalc-dims=\"1\" decoding=\"async\" width=\"1536\" height=\"1024\" data-attachment-id=\"11133\" data-permalink=\"https:\/\/lawrsb.com\/en\/2025\/09\/18\/decision-preocupante-de-la-corte-suprema-sobre-las-redadas-migratorias\/chatgpt-image-18-sept-2025-01_32_02-p-m\/\" data-orig-file=\"https:\/\/i0.wp.com\/lawrsb.com\/wp-content\/uploads\/2025\/09\/ChatGPT-Image-18-sept-2025-01_32_02-p.m.png?fit=1536%2C1024&amp;ssl=1\" data-orig-size=\"1536,1024\" data-comments-opened=\"1\" data-image-meta=\"{&quot;aperture&quot;:&quot;0&quot;,&quot;credit&quot;:&quot;&quot;,&quot;camera&quot;:&quot;&quot;,&quot;caption&quot;:&quot;&quot;,&quot;created_timestamp&quot;:&quot;0&quot;,&quot;copyright&quot;:&quot;&quot;,&quot;focal_length&quot;:&quot;0&quot;,&quot;iso&quot;:&quot;0&quot;,&quot;shutter_speed&quot;:&quot;0&quot;,&quot;title&quot;:&quot;&quot;,&quot;orientation&quot;:&quot;0&quot;}\" data-image-title=\"ChatGPT Image 18 sept 2025, 01_32_02 p.m.\" data-image-description=\"\" data-image-caption=\"\" data-large-file=\"https:\/\/i0.wp.com\/lawrsb.com\/wp-content\/uploads\/2025\/09\/ChatGPT-Image-18-sept-2025-01_32_02-p.m.png?fit=1024%2C683&amp;ssl=1\" data-src=\"https:\/\/i0.wp.com\/lawrsb.com\/wp-content\/uploads\/2025\/09\/ChatGPT-Image-18-sept-2025-01_32_02-p.m.png?resize=1536%2C1024&#038;ssl=1\" alt=\"\" class=\"wp-image-11133 lazyload\" src=\"data:image\/svg+xml;base64,PHN2ZyB3aWR0aD0iMSIgaGVpZ2h0PSIxIiB4bWxucz0iaHR0cDovL3d3dy53My5vcmcvMjAwMC9zdmciPjwvc3ZnPg==\" style=\"--smush-placeholder-width: 1536px; --smush-placeholder-aspect-ratio: 1536\/1024;\" \/><\/figure>\n\n\n\n<p class=\"has-text-color has-link-color wp-elements-53a6904167d32b8e933115ce7e1f8b27 wp-block-paragraph\" style=\"color:#b60000\"><strong>\u00cdNDICE<\/strong><\/p>\n\n\n\n<ol class=\"wp-block-list\">\n<li class=\"has-black-color has-text-color has-link-color wp-elements-994230a2a1bcd8f7ca7c88df055ccdf3\"><a class=\"wp-block-table-of-contents__entry\" href=\"https:\/\/lawrsb.com\/en\/2025\/09\/18\/decision-preocupante-de-la-corte-suprema-sobre-las-redadas-migratorias\/#una-noticia-que-preocupa-a-todos\"><strong>Una noticia que preocupa a todos<\/strong><\/a><\/li>\n\n\n\n<li class=\"has-text-color has-link-color wp-elements-43be5f7aa2072adb4a70f0c0f284534b\" style=\"color:#b60000\"><a class=\"wp-block-table-of-contents__entry\" href=\"https:\/\/lawrsb.com\/en\/2025\/09\/18\/decision-preocupante-de-la-corte-suprema-sobre-las-redadas-migratorias\/#aun-hay-esperanza-y-herramientas-para-protegerte\"><strong>A\u00fan hay esperanza y herramientas para protegerte<\/strong><\/a><\/li>\n\n\n\n<li class=\"has-black-color has-text-color has-link-color wp-elements-dfb17a6bb5a51517b253993d26d2c4e9\"><a class=\"wp-block-table-of-contents__entry\" href=\"https:\/\/lawrsb.com\/en\/2025\/09\/18\/decision-preocupante-de-la-corte-suprema-sobre-las-redadas-migratorias\/#da-el-paso-hoy-mismo\"><strong>Da el paso hoy mismo<\/strong><\/a><\/li>\n\n\n\n<li class=\"has-black-color has-text-color has-link-color wp-elements-12fdd8d72580b33ef1537e44ead6d089\"><a class=\"wp-block-table-of-contents__entry\" href=\"https:\/\/lawrsb.com\/en\/2025\/09\/18\/decision-preocupante-de-la-corte-suprema-sobre-las-redadas-migratorias\/#palabras-finales\"><strong>Palabras finales<\/strong><\/a><\/li>\n\n\n\n<li class=\"has-black-color has-text-color has-link-color wp-elements-69760fcdd0a8d3ba1a8cae473453b141\"><a class=\"wp-block-table-of-contents__entry\" href=\"https:\/\/lawrsb.com\/en\/2025\/09\/18\/decision-preocupante-de-la-corte-suprema-sobre-las-redadas-migratorias\/#aviso-legal\">AVISO LEGAL<\/a><\/li>\n<\/ol>\n\n\n\n<h2 class=\"wp-block-heading has-text-color has-link-color wp-elements-78d2942aef9c29ba2fb7e0fd71aeffde\" id=\"una-noticia-que-preocupa-a-todos\" style=\"color:#b60000\"><strong>Una noticia que preocupa a todo<\/strong><\/h2>\n\n\n\n<p class=\"has-black-color has-text-color has-link-color wp-elements-6dff16ed072fee423990aa10a33a8344 wp-block-paragraph\">Hace poco, la <strong>Corte Suprema de Estados Unidos<\/strong> decidi\u00f3 permitir de manera temporal la aplicaci\u00f3n <strong>indiscriminada de leyes migratorias en <strong>California, particularmente en Los \u00c1ngeles<\/strong>. <\/strong>Esto no significa que la medida est\u00e9 vigente en todos los Estados Unidos, sino \u00fanicamente en esta jurisdicci\u00f3n mientras avanza el caso en tribunales inferiores. <\/p>\n\n\n\n<p class=\"has-black-color has-text-color has-link-color wp-elements-f5a81d807d0df93b836ac4faf54f582c wp-block-paragraph\">Esto quiere decir que las autoridades, incluyendo ICE, pueden <strong>detener y cuestionar <\/strong>a personas bas\u00e1ndose en su<strong> apariencia, acento o incluso en d\u00f3nde se encuentren.<\/strong><\/p>\n\n\n\n<p class=\"has-black-color has-text-color has-link-color wp-elements-291a543b742c07b75b5a0ea5ff3f6406 wp-block-paragraph\">Ben Johnson, Director Ejecutivo de la Asociaci\u00f3n Estadounidense de Abogados de Inmigraci\u00f3n (AILA), lo describi\u00f3 con preocupaci\u00f3n: esta medida amenaza con convertir al pa\u00eds en una naci\u00f3n de <strong><em>\u201cmu\u00e9strame tus papeles\u201d<\/em>.<\/strong><\/p>\n\n\n\n<p class=\"has-black-color has-text-color has-link-color wp-elements-25540ffb2f8b0ce51833974555ca502d wp-block-paragraph\">Y lo m\u00e1s inquietante: incluso <strong>ciudadanos estadounidenses<\/strong> han sido detenidos de manera arbitraria bajo estas pol\u00edticas. La jueza Sotomayor lo se\u00f1al\u00f3 con claridad en su opini\u00f3n discrepante: <em>\u201cLos ciudadanos estadounidenses tambi\u00e9n est\u00e1n siendo detenidos, despojados de sus empleos y se les impide trabajar para mantenerse a s\u00ed mismos y a sus familias.\u201d<\/em><\/p>\n\n\n\n<p class=\"has-black-color has-text-color has-link-color wp-elements-9e2bc0363acbcf6944e33dcc6ccf500d wp-block-paragraph\">No se trata de un problema aislado ni de una simple disputa legal. Es un asunto que <strong>nos toca a todos<\/strong>, porque cuestiona la seguridad, la justicia y las libertades de quienes vivimos en este pa\u00eds.<\/p>\n\n\n\n<p class=\"has-black-color has-text-color has-link-color wp-elements-622ac4b05a667e613cbb909864bff896 wp-block-paragraph\"><strong>\u00bfQu\u00e9 significa realmente esta decisi\u00f3n?<\/strong><\/p>\n\n\n\n<p class=\"has-black-color has-text-color has-link-color wp-elements-21ec1dc44ce2aca1c2b9cb417c6585b5 wp-block-paragraph\">Aunque el titular pueda sonar alarmante, es importante ponerlo en contexto:<\/p>\n\n\n\n<ul class=\"wp-block-list\">\n<li class=\"has-black-color has-text-color has-link-color wp-elements-f0734e18021aa68087c8d736f84b6fc6\"><strong>Es una medida temporal.<\/strong> La Corte Suprema solo permiti\u00f3 esta pol\u00edtica \u201cpor ahora\u201d, hasta que los tribunales inferiores realicen una revisi\u00f3n completa del caso.<br><\/li>\n\n\n\n<li class=\"has-black-color has-text-color has-link-color wp-elements-8fe6e3fb159d0745506b5bce149a967c\"><strong>No es el final del camino.<\/strong> Existen procesos legales en marcha que a\u00fan pueden frenar este tipo de pr\u00e1cticas.<br><\/li>\n\n\n\n<li class=\"has-black-color has-text-color has-link-color wp-elements-fd5dc75a62f168d6697847cfa0695433\"><strong>No significa que est\u00e9s indefenso.<\/strong> La Constituci\u00f3n y las leyes de inmigraci\u00f3n todav\u00eda ofrecen protecciones que pueden usarse en tu favor.<br><\/li>\n<\/ul>\n\n\n\n<p class=\"has-black-color has-text-color has-link-color wp-elements-28c89cb7f5e9eed37f333373b1beff21 wp-block-paragraph\">Adem\u00e1s, organizaciones como <strong>AILA<\/strong> y abogados de inmigraci\u00f3n en todo el pa\u00eds contin\u00faan luchando para garantizar que los derechos de cada persona sean respetados.<\/p>\n\n\n\n<p class=\"has-black-color has-text-color has-link-color wp-elements-b7393f597377503126f3671f09c56513 wp-block-paragraph\">Imagina que alguien toca tu puerta o te detienen en la calle solo porque \u201cpareces extranjero\u201d. Ese temor es real, pero tambi\u00e9n lo es la posibilidad de defenderte.<\/p>\n\n\n\n<h2 class=\"wp-block-heading has-text-color has-link-color wp-elements-91127e03f6bbe0bf1b5f1dc6773b86f2\" id=\"aun-hay-esperanza-y-herramientas-para-protegerte\" style=\"color:#b60000\"><strong>A\u00fan hay esperanza y herramientas para protegerte<\/strong><\/h2>\n\n\n\n<p class=\"has-black-color has-text-color has-link-color wp-elements-14d5a8da6336cfc5faa9bc3ad09f7d58 wp-block-paragraph\">S\u00ed, la noticia impacta. S\u00ed, genera miedo. Pero tambi\u00e9n hay <strong>razones para mantener la calma y la esperanza<\/strong>:<\/p>\n\n\n\n<ol class=\"wp-block-list\">\n<li class=\"has-black-color has-text-color has-link-color wp-elements-623ef09be30b59a68a22822874e5d582\"><strong>La decisi\u00f3n no es definitiva.<\/strong> El caso seguir\u00e1 siendo revisado y a\u00fan puede revertirse.<br><\/li>\n\n\n\n<li class=\"has-black-color has-text-color has-link-color wp-elements-97a3ef614e7000aac84c93042ad46587\"><strong>Existen defensas legales.<\/strong> No importa tu estatus actual, siempre hay estrategias que un abogado de inmigraci\u00f3n puede explorar para protegerte.<br><\/li>\n\n\n\n<li class=\"has-black-color has-text-color has-link-color wp-elements-af8b04749b9a4baac9d41fe99dc41c8a\"><strong>No est\u00e1s solo.<\/strong> Miles de familias han pasado por procesos similares y han encontrado caminos hacia la estabilidad y la seguridad legal.<br><\/li>\n<\/ol>\n\n\n\n<p class=\"has-black-color has-text-color has-link-color wp-elements-069db30c35a17bb80012a9b46a05e41d wp-block-paragraph\">El mismo comunicado de AILA lo dijo: <em>\u201c<strong>No cederemos a pesar de los ataques directos a la pr\u00e1ctica del derecho migratorio.\u201d<\/strong><\/em> Eso significa que hay profesionales comprometidos con tu caso y tu futuro.<\/p>\n\n\n\n<p class=\"has-black-color has-text-color has-link-color wp-elements-f89eb805c15fe15318227c577b45a78a wp-block-paragraph\">\ud83d\udc49 Y aqu\u00ed est\u00e1 lo m\u00e1s importante: <strong>el primer paso es informarte y no quedarte paralizado por el miedo<\/strong>.<\/p>\n\n\n\n<h2 class=\"wp-block-heading has-text-color has-link-color wp-elements-219696189b468af164c929d21ef295a9\" id=\"da-el-paso-hoy-mismo\" style=\"color:#b60000\"><strong>Da el paso hoy mismo<\/strong><\/h2>\n\n\n\n<p class=\"has-black-color has-text-color has-link-color wp-elements-b607e10c75f933c4bedd571f375cb911 wp-block-paragraph\">La diferencia entre vivir con miedo o construir un futuro seguro para tu familia puede depender de una sola decisi\u00f3n: buscar ayuda legal a tiempo.<\/p>\n\n\n\n<p class=\"has-black-color has-text-color has-link-color wp-elements-a809a8f61cc296157dfafd7fb316aefb wp-block-paragraph\">En Law Office of RSB, entendemos tu preocupaci\u00f3n y sabemos lo dif\u00edcil que es enfrentar la incertidumbre migratoria. Nuestro equipo analiza tu caso en detalle, responde tus preguntas y dise\u00f1a una estrategia legal personalizada para ti.<\/p>\n\n\n\n<p class=\"has-black-color has-text-color has-link-color wp-elements-a11b8c190ed47f0073826854f983d0d7 wp-block-paragraph\">\ud83d\udcbc Con m\u00e1s de 15 a\u00f1os de experiencia en casos de inmigraci\u00f3n, desde Visa U, VAWA, Peticiones Familiares, Residencia, Naturalizaci\u00f3n y Mandamus actions por retrasos, estamos aqu\u00ed para guiarte paso a paso.<\/p>\n\n\n\n<p class=\"has-black-color has-text-color has-link-color wp-elements-fcbedb56a5668c053f5d7bc5c4dcd028 wp-block-paragraph\">\ud83d\udcde Ll\u00e1manos hoy al 312-226-4232 o agenda tu consulta en este enlace: <a href=\"https:\/\/consultationsrsb.setmore.com\/\">https:\/\/consultationsrsb.setmore.com\/<\/a><\/p>\n\n\n\n<p class=\"has-black-color has-text-color has-link-color wp-elements-3169fe60920e29959c5e40ea600da844 wp-block-paragraph\">No tienes por qu\u00e9 enfrentar este proceso solo: mientras m\u00e1s pronto act\u00faes, m\u00e1s opciones podemos explorar juntos.<\/p>\n\n\n\n<h2 class=\"wp-block-heading has-text-color has-link-color wp-elements-ef9c3b10fc94ed2224bd5a04dd7ffb9f\" id=\"palabras-finales\" style=\"color:#b60000\"><strong>Palabras finales<\/strong><\/h2>\n\n\n\n<p class=\"has-black-color has-text-color has-link-color wp-elements-77ea108e62c7a01bb22a28d8e891baee wp-block-paragraph\">La decisi\u00f3n de la Corte Suprema puede sonar como un golpe duro, pero recuerda: <strong>es solo temporal<\/strong>. A\u00fan hay caminos legales abiertos, a\u00fan hay esperanza, y lo m\u00e1s importante, <strong>a\u00fan tienes derechos<\/strong>.<\/p>\n\n\n\n<p class=\"has-black-color has-text-color has-link-color wp-elements-b81e6f74f7163c5536a5e3a031f5a7a5 wp-block-paragraph\">Lo peor que puedes hacer es quedarte con la duda o esperar a que sea demasiado tarde.<\/p>\n\n\n\n<p class=\"has-black-color has-text-color has-link-color wp-elements-b431f773085e6aaf07dfbc2dcf0b3af3 wp-block-paragraph\">\ud83d\udca1 <strong>Da el primer paso hacia tu seguridad y la de tu familia: agenda tu consulta con nosotros hoy mismo.<\/strong><\/p>\n\n\n\n<h3 class=\"wp-block-heading has-text-color has-link-color wp-elements-18f97e9c7dc27faa0f945d7036a28b23\" id=\"aviso-legal\" style=\"color:#b60000\"><strong>AVISO LEGAL<\/strong><\/h3>\n\n\n\n<p class=\"has-black-color has-text-color has-link-color wp-elements-b9e566b560243633e91f1d50694723f2 wp-block-paragraph\">El contenido publicado en este blog tiene <strong>fines meramente informativos<\/strong> y no debe considerarse asesor\u00eda legal, fiscal, financiera o de cualquier otra \u00edndole profesional.<\/p>","protected":false},"excerpt":{"rendered":"<p>\u00cdNDICE Una noticia que preocupa a todo Hace poco, la Corte Suprema de Estados Unidos decidi\u00f3 permitir de manera temporal la aplicaci\u00f3n indiscriminada de leyes migratorias en California, particularmente en Los \u00c1ngeles. Esto no significa que la medida est\u00e9 vigente en todos los Estados Unidos, sino \u00fanicamente en esta jurisdicci\u00f3n mientras avanza el caso en [&hellip;]<\/p>\n","protected":false},"author":239373223,"featured_media":0,"comment_status":"open","ping_status":"open","sticky":false,"template":"","format":"standard","meta":{"_crdt_document":"","_jetpack_newsletter_access":"","_jetpack_dont_email_post_to_subs":false,"_jetpack_newsletter_tier_id":0,"_jetpack_memberships_contains_paywalled_content":false,"_jetpack_memberships_contains_paid_content":false,"footnotes":"","jetpack_publicize_message":"","jetpack_publicize_feature_enabled":false,"jetpack_social_post_already_shared":true,"jetpack_social_options":{"image_generator_settings":{"template":"highway","default_image_id":0,"font":"","enabled":false},"version":2},"_wpas_customize_per_network":false,"jetpack_post_was_ever_published":false},"categories":[1368],"tags":[],"class_list":["post-11132","post","type-post","status-publish","format-standard","hentry","category-immigration-news"],"yoast_head":"<!-- This site is optimized with the Yoast SEO plugin v27.4 - https:\/\/yoast.com\/product\/yoast-seo-wordpress\/ -->\n<title>Decisi\u00f3n preocupante de la Corte Suprema sobre las redadas migratorias - LAW OFFICE OF RSB LTD<\/title>\n<meta name=\"robots\" content=\"index, follow, max-snippet:-1, max-image-preview:large, max-video-preview:-1\" \/>\n<link rel=\"canonical\" href=\"https:\/\/lawrsb.com\/en\/2025\/09\/18\/decision-preocupante-de-la-corte-suprema-sobre-las-redadas-migratorias\/\" \/>\n<meta property=\"og:locale\" content=\"en_US\" \/>\n<meta property=\"og:type\" content=\"article\" \/>\n<meta property=\"og:title\" content=\"Decisi\u00f3n preocupante de la Corte Suprema sobre las redadas migratorias - LAW OFFICE OF RSB LTD\" \/>\n<meta property=\"og:description\" content=\"\u00cdNDICE Una noticia que preocupa a todo Hace poco, la Corte Suprema de Estados Unidos decidi\u00f3 permitir de manera temporal la aplicaci\u00f3n indiscriminada de leyes migratorias en California, particularmente en Los \u00c1ngeles. Esto no significa que la medida est\u00e9 vigente en todos los Estados Unidos, sino \u00fanicamente en esta jurisdicci\u00f3n mientras avanza el caso en [&hellip;]\" \/>\n<meta property=\"og:url\" content=\"https:\/\/lawrsb.com\/en\/2025\/09\/18\/decision-preocupante-de-la-corte-suprema-sobre-las-redadas-migratorias\/\" \/>\n<meta property=\"og:site_name\" content=\"LAW OFFICE OF RSB LTD\" \/>\n<meta property=\"article:publisher\" content=\"https:\/\/www.facebook.com\/@AbogadaRocio\" \/>\n<meta property=\"article:published_time\" content=\"2025-09-18T22:00:00+00:00\" \/>\n<meta property=\"og:image\" content=\"https:\/\/lawrsb.com\/wp-content\/uploads\/2025\/09\/ChatGPT-Image-18-sept-2025-01_32_02-p.m.png\" \/>\n<meta name=\"author\" content=\"Rocio S. Becerril\" \/>\n<meta name=\"twitter:card\" content=\"summary_large_image\" \/>\n<meta name=\"twitter:label1\" content=\"Written by\" \/>\n\t<meta name=\"twitter:data1\" content=\"Rocio S. Becerril\" \/>\n\t<meta name=\"twitter:label2\" content=\"Est. reading time\" \/>\n\t<meta name=\"twitter:data2\" content=\"4 minutes\" \/>\n<script type=\"application\/ld+json\" class=\"yoast-schema-graph\">{\"@context\":\"https:\\\/\\\/schema.org\",\"@graph\":[{\"@type\":\"Article\",\"@id\":\"https:\\\/\\\/lawrsb.com\\\/2025\\\/09\\\/18\\\/decision-preocupante-de-la-corte-suprema-sobre-las-redadas-migratorias\\\/#article\",\"isPartOf\":{\"@id\":\"https:\\\/\\\/lawrsb.com\\\/2025\\\/09\\\/18\\\/decision-preocupante-de-la-corte-suprema-sobre-las-redadas-migratorias\\\/\"},\"author\":{\"name\":\"Rocio S. Becerril\",\"@id\":\"https:\\\/\\\/lawrsb.com\\\/#\\\/schema\\\/person\\\/419f5af0614f4f11645c45f6b7ebcf13\"},\"headline\":\"Decisi\u00f3n preocupante de la Corte Suprema sobre las redadas migratorias\",\"datePublished\":\"2025-09-18T22:00:00+00:00\",\"mainEntityOfPage\":{\"@id\":\"https:\\\/\\\/lawrsb.com\\\/2025\\\/09\\\/18\\\/decision-preocupante-de-la-corte-suprema-sobre-las-redadas-migratorias\\\/\"},\"wordCount\":781,\"commentCount\":0,\"publisher\":{\"@id\":\"https:\\\/\\\/lawrsb.com\\\/#organization\"},\"image\":{\"@id\":\"https:\\\/\\\/lawrsb.com\\\/2025\\\/09\\\/18\\\/decision-preocupante-de-la-corte-suprema-sobre-las-redadas-migratorias\\\/#primaryimage\"},\"thumbnailUrl\":\"https:\\\/\\\/lawrsb.com\\\/wp-content\\\/uploads\\\/2025\\\/09\\\/ChatGPT-Image-18-sept-2025-01_32_02-p.m.png\",\"articleSection\":[\"IMMIGRATION NEWS\"],\"inLanguage\":\"en-US\",\"potentialAction\":[{\"@type\":\"CommentAction\",\"name\":\"Comment\",\"target\":[\"https:\\\/\\\/lawrsb.com\\\/2025\\\/09\\\/18\\\/decision-preocupante-de-la-corte-suprema-sobre-las-redadas-migratorias\\\/#respond\"]}]},{\"@type\":\"WebPage\",\"@id\":\"https:\\\/\\\/lawrsb.com\\\/2025\\\/09\\\/18\\\/decision-preocupante-de-la-corte-suprema-sobre-las-redadas-migratorias\\\/\",\"url\":\"https:\\\/\\\/lawrsb.com\\\/2025\\\/09\\\/18\\\/decision-preocupante-de-la-corte-suprema-sobre-las-redadas-migratorias\\\/\",\"name\":\"Decisi\u00f3n preocupante de la Corte Suprema sobre las redadas migratorias - LAW OFFICE OF RSB LTD\",\"isPartOf\":{\"@id\":\"https:\\\/\\\/lawrsb.com\\\/#website\"},\"primaryImageOfPage\":{\"@id\":\"https:\\\/\\\/lawrsb.com\\\/2025\\\/09\\\/18\\\/decision-preocupante-de-la-corte-suprema-sobre-las-redadas-migratorias\\\/#primaryimage\"},\"image\":{\"@id\":\"https:\\\/\\\/lawrsb.com\\\/2025\\\/09\\\/18\\\/decision-preocupante-de-la-corte-suprema-sobre-las-redadas-migratorias\\\/#primaryimage\"},\"thumbnailUrl\":\"https:\\\/\\\/lawrsb.com\\\/wp-content\\\/uploads\\\/2025\\\/09\\\/ChatGPT-Image-18-sept-2025-01_32_02-p.m.png\",\"datePublished\":\"2025-09-18T22:00:00+00:00\",\"breadcrumb\":{\"@id\":\"https:\\\/\\\/lawrsb.com\\\/2025\\\/09\\\/18\\\/decision-preocupante-de-la-corte-suprema-sobre-las-redadas-migratorias\\\/#breadcrumb\"},\"inLanguage\":\"en-US\",\"potentialAction\":[{\"@type\":\"ReadAction\",\"target\":[\"https:\\\/\\\/lawrsb.com\\\/2025\\\/09\\\/18\\\/decision-preocupante-de-la-corte-suprema-sobre-las-redadas-migratorias\\\/\"]}]},{\"@type\":\"ImageObject\",\"inLanguage\":\"en-US\",\"@id\":\"https:\\\/\\\/lawrsb.com\\\/2025\\\/09\\\/18\\\/decision-preocupante-de-la-corte-suprema-sobre-las-redadas-migratorias\\\/#primaryimage\",\"url\":\"https:\\\/\\\/lawrsb.com\\\/wp-content\\\/uploads\\\/2025\\\/09\\\/ChatGPT-Image-18-sept-2025-01_32_02-p.m.png\",\"contentUrl\":\"https:\\\/\\\/lawrsb.com\\\/wp-content\\\/uploads\\\/2025\\\/09\\\/ChatGPT-Image-18-sept-2025-01_32_02-p.m.png\"},{\"@type\":\"BreadcrumbList\",\"@id\":\"https:\\\/\\\/lawrsb.com\\\/2025\\\/09\\\/18\\\/decision-preocupante-de-la-corte-suprema-sobre-las-redadas-migratorias\\\/#breadcrumb\",\"itemListElement\":[{\"@type\":\"ListItem\",\"position\":1,\"name\":\"Portada\",\"item\":\"https:\\\/\\\/lawrsb.com\\\/\"},{\"@type\":\"ListItem\",\"position\":2,\"name\":\"Decisi\u00f3n preocupante de la Corte Suprema sobre las redadas migratorias\"}]},{\"@type\":\"WebSite\",\"@id\":\"https:\\\/\\\/lawrsb.com\\\/#website\",\"url\":\"https:\\\/\\\/lawrsb.com\\\/\",\"name\":\"Law Office of RSB\",\"description\":\"Immigration LawFirm\",\"publisher\":{\"@id\":\"https:\\\/\\\/lawrsb.com\\\/#organization\"},\"potentialAction\":[{\"@type\":\"SearchAction\",\"target\":{\"@type\":\"EntryPoint\",\"urlTemplate\":\"https:\\\/\\\/lawrsb.com\\\/?s={search_term_string}\"},\"query-input\":{\"@type\":\"PropertyValueSpecification\",\"valueRequired\":true,\"valueName\":\"search_term_string\"}}],\"inLanguage\":\"en-US\"},{\"@type\":\"Organization\",\"@id\":\"https:\\\/\\\/lawrsb.com\\\/#organization\",\"name\":\"Law Office of RSB\",\"url\":\"https:\\\/\\\/lawrsb.com\\\/\",\"logo\":{\"@type\":\"ImageObject\",\"inLanguage\":\"en-US\",\"@id\":\"https:\\\/\\\/lawrsb.com\\\/#\\\/schema\\\/logo\\\/image\\\/\",\"url\":\"https:\\\/\\\/i0.wp.com\\\/lawrsb.com\\\/wp-content\\\/uploads\\\/2024\\\/12\\\/rsb-logo-clear-no-background-1.11.2021-1.png?fit=1800%2C1800&ssl=1\",\"contentUrl\":\"https:\\\/\\\/i0.wp.com\\\/lawrsb.com\\\/wp-content\\\/uploads\\\/2024\\\/12\\\/rsb-logo-clear-no-background-1.11.2021-1.png?fit=1800%2C1800&ssl=1\",\"width\":1800,\"height\":1800,\"caption\":\"Law Office of RSB\"},\"image\":{\"@id\":\"https:\\\/\\\/lawrsb.com\\\/#\\\/schema\\\/logo\\\/image\\\/\"},\"sameAs\":[\"https:\\\/\\\/www.facebook.com\\\/@AbogadaRocio\",\"https:\\\/\\\/www.instagram.com\\\/abogada_rocio\\\/\",\"https:\\\/\\\/www.tiktok.com\\\/@abogadarocio\",\"https:\\\/\\\/www.youtube.com\\\/@AbogadaDeLaVisaU\"]},{\"@type\":\"Person\",\"@id\":\"https:\\\/\\\/lawrsb.com\\\/#\\\/schema\\\/person\\\/419f5af0614f4f11645c45f6b7ebcf13\",\"name\":\"Rocio S. Becerril\",\"image\":{\"@type\":\"ImageObject\",\"inLanguage\":\"en-US\",\"@id\":\"https:\\\/\\\/secure.gravatar.com\\\/avatar\\\/d4735e8433b87670028c73813db84973c021c8ba7e867cecc75ad29a15a18a86?s=96&d=identicon&r=g\",\"url\":\"https:\\\/\\\/secure.gravatar.com\\\/avatar\\\/d4735e8433b87670028c73813db84973c021c8ba7e867cecc75ad29a15a18a86?s=96&d=identicon&r=g\",\"contentUrl\":\"https:\\\/\\\/secure.gravatar.com\\\/avatar\\\/d4735e8433b87670028c73813db84973c021c8ba7e867cecc75ad29a15a18a86?s=96&d=identicon&r=g\",\"caption\":\"Rocio S. Becerril\"},\"sameAs\":[\"http:\\\/\\\/lawofficeofrsbltd6f7221c2aa.wordpress.com\"],\"url\":\"https:\\\/\\\/lawrsb.com\\\/en\\\/author\\\/lawofficeofrsbltd\\\/\"}]}<\/script>\n<!-- \/ Yoast SEO plugin. -->","yoast_head_json":{"title":"Decisi\u00f3n preocupante de la Corte Suprema sobre las redadas migratorias - LAW OFFICE OF RSB LTD","robots":{"index":"index","follow":"follow","max-snippet":"max-snippet:-1","max-image-preview":"max-image-preview:large","max-video-preview":"max-video-preview:-1"},"canonical":"https:\/\/lawrsb.com\/en\/2025\/09\/18\/decision-preocupante-de-la-corte-suprema-sobre-las-redadas-migratorias\/","og_locale":"en_US","og_type":"article","og_title":"Decisi\u00f3n preocupante de la Corte Suprema sobre las redadas migratorias - LAW OFFICE OF RSB LTD","og_description":"\u00cdNDICE Una noticia que preocupa a todo Hace poco, la Corte Suprema de Estados Unidos decidi\u00f3 permitir de manera temporal la aplicaci\u00f3n indiscriminada de leyes migratorias en California, particularmente en Los \u00c1ngeles. Esto no significa que la medida est\u00e9 vigente en todos los Estados Unidos, sino \u00fanicamente en esta jurisdicci\u00f3n mientras avanza el caso en [&hellip;]","og_url":"https:\/\/lawrsb.com\/en\/2025\/09\/18\/decision-preocupante-de-la-corte-suprema-sobre-las-redadas-migratorias\/","og_site_name":"LAW OFFICE OF RSB LTD","article_publisher":"https:\/\/www.facebook.com\/@AbogadaRocio","article_published_time":"2025-09-18T22:00:00+00:00","og_image":[{"url":"https:\/\/lawrsb.com\/wp-content\/uploads\/2025\/09\/ChatGPT-Image-18-sept-2025-01_32_02-p.m.png","type":"","width":"","height":""}],"author":"Rocio S. Becerril","twitter_card":"summary_large_image","twitter_misc":{"Written by":"Rocio S. Becerril","Est. reading time":"4 minutes"},"schema":{"@context":"https:\/\/schema.org","@graph":[{"@type":"Article","@id":"https:\/\/lawrsb.com\/2025\/09\/18\/decision-preocupante-de-la-corte-suprema-sobre-las-redadas-migratorias\/#article","isPartOf":{"@id":"https:\/\/lawrsb.com\/2025\/09\/18\/decision-preocupante-de-la-corte-suprema-sobre-las-redadas-migratorias\/"},"author":{"name":"Rocio S. Becerril","@id":"https:\/\/lawrsb.com\/#\/schema\/person\/419f5af0614f4f11645c45f6b7ebcf13"},"headline":"Decisi\u00f3n preocupante de la Corte Suprema sobre las redadas migratorias","datePublished":"2025-09-18T22:00:00+00:00","mainEntityOfPage":{"@id":"https:\/\/lawrsb.com\/2025\/09\/18\/decision-preocupante-de-la-corte-suprema-sobre-las-redadas-migratorias\/"},"wordCount":781,"commentCount":0,"publisher":{"@id":"https:\/\/lawrsb.com\/#organization"},"image":{"@id":"https:\/\/lawrsb.com\/2025\/09\/18\/decision-preocupante-de-la-corte-suprema-sobre-las-redadas-migratorias\/#primaryimage"},"thumbnailUrl":"https:\/\/lawrsb.com\/wp-content\/uploads\/2025\/09\/ChatGPT-Image-18-sept-2025-01_32_02-p.m.png","articleSection":["IMMIGRATION NEWS"],"inLanguage":"en-US","potentialAction":[{"@type":"CommentAction","name":"Comment","target":["https:\/\/lawrsb.com\/2025\/09\/18\/decision-preocupante-de-la-corte-suprema-sobre-las-redadas-migratorias\/#respond"]}]},{"@type":"WebPage","@id":"https:\/\/lawrsb.com\/2025\/09\/18\/decision-preocupante-de-la-corte-suprema-sobre-las-redadas-migratorias\/","url":"https:\/\/lawrsb.com\/2025\/09\/18\/decision-preocupante-de-la-corte-suprema-sobre-las-redadas-migratorias\/","name":"Decisi\u00f3n preocupante de la Corte Suprema sobre las redadas migratorias - LAW OFFICE OF RSB LTD","isPartOf":{"@id":"https:\/\/lawrsb.com\/#website"},"primaryImageOfPage":{"@id":"https:\/\/lawrsb.com\/2025\/09\/18\/decision-preocupante-de-la-corte-suprema-sobre-las-redadas-migratorias\/#primaryimage"},"image":{"@id":"https:\/\/lawrsb.com\/2025\/09\/18\/decision-preocupante-de-la-corte-suprema-sobre-las-redadas-migratorias\/#primaryimage"},"thumbnailUrl":"https:\/\/lawrsb.com\/wp-content\/uploads\/2025\/09\/ChatGPT-Image-18-sept-2025-01_32_02-p.m.png","datePublished":"2025-09-18T22:00:00+00:00","breadcrumb":{"@id":"https:\/\/lawrsb.com\/2025\/09\/18\/decision-preocupante-de-la-corte-suprema-sobre-las-redadas-migratorias\/#breadcrumb"},"inLanguage":"en-US","potentialAction":[{"@type":"ReadAction","target":["https:\/\/lawrsb.com\/2025\/09\/18\/decision-preocupante-de-la-corte-suprema-sobre-las-redadas-migratorias\/"]}]},{"@type":"ImageObject","inLanguage":"en-US","@id":"https:\/\/lawrsb.com\/2025\/09\/18\/decision-preocupante-de-la-corte-suprema-sobre-las-redadas-migratorias\/#primaryimage","url":"https:\/\/lawrsb.com\/wp-content\/uploads\/2025\/09\/ChatGPT-Image-18-sept-2025-01_32_02-p.m.png","contentUrl":"https:\/\/lawrsb.com\/wp-content\/uploads\/2025\/09\/ChatGPT-Image-18-sept-2025-01_32_02-p.m.png"},{"@type":"BreadcrumbList","@id":"https:\/\/lawrsb.com\/2025\/09\/18\/decision-preocupante-de-la-corte-suprema-sobre-las-redadas-migratorias\/#breadcrumb","itemListElement":[{"@type":"ListItem","position":1,"name":"Portada","item":"https:\/\/lawrsb.com\/"},{"@type":"ListItem","position":2,"name":"Decisi\u00f3n preocupante de la Corte Suprema sobre las redadas migratorias"}]},{"@type":"WebSite","@id":"https:\/\/lawrsb.com\/#website","url":"https:\/\/lawrsb.com\/","name":"Law Office of RSB","description":"Immigration LawFirm","publisher":{"@id":"https:\/\/lawrsb.com\/#organization"},"potentialAction":[{"@type":"SearchAction","target":{"@type":"EntryPoint","urlTemplate":"https:\/\/lawrsb.com\/?s={search_term_string}"},"query-input":{"@type":"PropertyValueSpecification","valueRequired":true,"valueName":"search_term_string"}}],"inLanguage":"en-US"},{"@type":"Organization","@id":"https:\/\/lawrsb.com\/#organization","name":"Law Office of RSB","url":"https:\/\/lawrsb.com\/","logo":{"@type":"ImageObject","inLanguage":"en-US","@id":"https:\/\/lawrsb.com\/#\/schema\/logo\/image\/","url":"https:\/\/i0.wp.com\/lawrsb.com\/wp-content\/uploads\/2024\/12\/rsb-logo-clear-no-background-1.11.2021-1.png?fit=1800%2C1800&ssl=1","contentUrl":"https:\/\/i0.wp.com\/lawrsb.com\/wp-content\/uploads\/2024\/12\/rsb-logo-clear-no-background-1.11.2021-1.png?fit=1800%2C1800&ssl=1","width":1800,"height":1800,"caption":"Law Office of RSB"},"image":{"@id":"https:\/\/lawrsb.com\/#\/schema\/logo\/image\/"},"sameAs":["https:\/\/www.facebook.com\/@AbogadaRocio","https:\/\/www.instagram.com\/abogada_rocio\/","https:\/\/www.tiktok.com\/@abogadarocio","https:\/\/www.youtube.com\/@AbogadaDeLaVisaU"]},{"@type":"Person","@id":"https:\/\/lawrsb.com\/#\/schema\/person\/419f5af0614f4f11645c45f6b7ebcf13","name":"Rocio S. Becerril","image":{"@type":"ImageObject","inLanguage":"en-US","@id":"https:\/\/secure.gravatar.com\/avatar\/d4735e8433b87670028c73813db84973c021c8ba7e867cecc75ad29a15a18a86?s=96&d=identicon&r=g","url":"https:\/\/secure.gravatar.com\/avatar\/d4735e8433b87670028c73813db84973c021c8ba7e867cecc75ad29a15a18a86?s=96&d=identicon&r=g","contentUrl":"https:\/\/secure.gravatar.com\/avatar\/d4735e8433b87670028c73813db84973c021c8ba7e867cecc75ad29a15a18a86?s=96&d=identicon&r=g","caption":"Rocio S. Becerril"},"sameAs":["http:\/\/lawofficeofrsbltd6f7221c2aa.wordpress.com"],"url":"https:\/\/lawrsb.com\/en\/author\/lawofficeofrsbltd\/"}]}},"jetpack_publicize_connections":[],"jetpack_featured_media_url":"","jetpack_likes_enabled":true,"jetpack_shortlink":"https:\/\/wp.me\/pf5E9B-2Ty","jetpack-related-posts":[],"jetpack_sharing_enabled":true,"_links":{"self":[{"href":"https:\/\/lawrsb.com\/en\/wp-json\/wp\/v2\/posts\/11132","targetHints":{"allow":["GET"]}}],"collection":[{"href":"https:\/\/lawrsb.com\/en\/wp-json\/wp\/v2\/posts"}],"about":[{"href":"https:\/\/lawrsb.com\/en\/wp-json\/wp\/v2\/types\/post"}],"author":[{"embeddable":true,"href":"https:\/\/lawrsb.com\/en\/wp-json\/wp\/v2\/users\/239373223"}],"replies":[{"embeddable":true,"href":"https:\/\/lawrsb.com\/en\/wp-json\/wp\/v2\/comments?post=11132"}],"version-history":[{"count":12,"href":"https:\/\/lawrsb.com\/en\/wp-json\/wp\/v2\/posts\/11132\/revisions"}],"predecessor-version":[{"id":11148,"href":"https:\/\/lawrsb.com\/en\/wp-json\/wp\/v2\/posts\/11132\/revisions\/11148"}],"wp:attachment":[{"href":"https:\/\/lawrsb.com\/en\/wp-json\/wp\/v2\/media?parent=11132"}],"wp:term":[{"taxonomy":"category","embeddable":true,"href":"https:\/\/lawrsb.com\/en\/wp-json\/wp\/v2\/categories?post=11132"},{"taxonomy":"post_tag","embeddable":true,"href":"https:\/\/lawrsb.com\/en\/wp-json\/wp\/v2\/tags?post=11132"}],"curies":[{"name":"wp","href":"https:\/\/api.w.org\/{rel}","templated":true}]}}